{"headers": {"id": ["ID", ""], "ano": ["Ano", ""], "numero": ["N\u00famero", ""], "tipo__sigla": ["Tipo de Mat\u00e9ria Legislativa/Sigla", ""], "tipo__descricao": ["Tipo de Mat\u00e9ria Legislativa/Descri\u00e7\u00e3o", ""], "autoria__autor__nome": ["Autorias/Autor/Nome do Autor", ""], "texto_original": ["Link para Mat\u00e9ria Legislativa"], "ementa": ["Ementa", ""]}, "results": [[[14277, "", ""], [2004, "", ""], [9, "", ""], ["PDL", "", ""], ["Projeto de Decreto Legislativo", "", ""], ["Geovaci Peres", "", ""], ["https://www.jatai.go.leg.br/materia/14277", "", ""], ["\"CONCEDE T\u00cdTULO HONOR\u00cdFICO DE CIDADANIA A PESSOA QUE MENCIONA E D\u00c1 OUTRAS PROVID\u00caNCIAS\".", "", ""]], [[14277, "", ""], [2004, "", ""], [9, "", ""], ["PDL", "", ""], ["Projeto de Decreto Legislativo", "", ""], ["Alcides Peregrino Fazolino", "", ""], ["https://www.jatai.go.leg.br/materia/14277", "", ""], ["\"CONCEDE T\u00cdTULO HONOR\u00cdFICO DE CIDADANIA A PESSOA QUE MENCIONA E D\u00c1 OUTRAS PROVID\u00caNCIAS\".", "", ""]], [[14277, "", ""], [2004, "", ""], [9, "", ""], ["PDL", "", ""], ["Projeto de Decreto Legislativo", "", ""], ["Carlone Assis", "", ""], ["https://www.jatai.go.leg.br/materia/14277", "", ""], ["\"CONCEDE T\u00cdTULO HONOR\u00cdFICO DE CIDADANIA A PESSOA QUE MENCIONA E D\u00c1 OUTRAS PROVID\u00caNCIAS\".", "", ""]], [[14277, "", ""], [2004, "", ""], [9, "", ""], ["PDL", "", ""], ["Projeto de Decreto Legislativo", "", ""], ["Cid\u00e1lia Vilela", "", ""], ["https://www.jatai.go.leg.br/materia/14277", "", ""], ["\"CONCEDE T\u00cdTULO HONOR\u00cdFICO DE CIDADANIA A PESSOA QUE MENCIONA E D\u00c1 OUTRAS PROVID\u00caNCIAS\".", "", ""]], [[14277, "", ""], [2004, "", ""], [9, "", ""], ["PDL", "", ""], ["Projeto de Decreto Legislativo", "", ""], ["Ediglan \u00a0Maia", "", ""], ["https://www.jatai.go.leg.br/materia/14277", "", ""], ["\"CONCEDE T\u00cdTULO HONOR\u00cdFICO DE CIDADANIA A PESSOA QUE MENCIONA E D\u00c1 OUTRAS PROVID\u00caNCIAS\".", "", ""]], [[14277, "", ""], [2004, "", ""], [9, "", ""], ["PDL", "", ""], ["Projeto de Decreto Legislativo", "", ""], ["Erasmo Rosa da Silva", "", ""], ["https://www.jatai.go.leg.br/materia/14277", "", ""], ["\"CONCEDE T\u00cdTULO HONOR\u00cdFICO DE CIDADANIA A PESSOA QUE MENCIONA E D\u00c1 OUTRAS PROVID\u00caNCIAS\".", "", ""]], [[14277, "", ""], [2004, "", ""], [9, "", ""], ["PDL", "", ""], ["Projeto de Decreto Legislativo", "", ""], ["Eulando Faria Borges", "", ""], ["https://www.jatai.go.leg.br/materia/14277", "", ""], ["\"CONCEDE T\u00cdTULO HONOR\u00cdFICO DE CIDADANIA A PESSOA QUE MENCIONA E D\u00c1 OUTRAS PROVID\u00caNCIAS\".", "", ""]], [[14277, "", ""], [2004, "", ""], [9, "", ""], ["PDL", "", ""], ["Projeto de Decreto Legislativo", "", ""], ["Jo\u00e3o Wesley Cabral de Moura", "", ""], ["https://www.jatai.go.leg.br/materia/14277", "", ""], ["\"CONCEDE T\u00cdTULO HONOR\u00cdFICO DE CIDADANIA A PESSOA QUE MENCIONA E D\u00c1 OUTRAS PROVID\u00caNCIAS\".", "", ""]], [[14277, "", ""], [2004, "", ""], [9, "", ""], ["PDL", "", ""], ["Projeto de Decreto Legislativo", "", ""], ["Maria Euz\u00e9bia de Lima", "", ""], ["https://www.jatai.go.leg.br/materia/14277", "", ""], ["\"CONCEDE T\u00cdTULO HONOR\u00cdFICO DE CIDADANIA A PESSOA QUE MENCIONA E D\u00c1 OUTRAS PROVID\u00caNCIAS\".", "", ""]], [[14277, "", ""], [2004, "", ""], [9, "", ""], ["PDL", "", ""], ["Projeto de Decreto Legislativo", "", ""], ["Osmar Francisco de Souza", "", ""], ["https://www.jatai.go.leg.br/materia/14277", "", ""], ["\"CONCEDE T\u00cdTULO HONOR\u00cdFICO DE CIDADANIA A PESSOA QUE MENCIONA E D\u00c1 OUTRAS PROVID\u00caNCIAS\".", "", ""]], [[14277, "", ""], [2004, "", ""], [9, "", ""], ["PDL", "", ""], ["Projeto de Decreto Legislativo", "", ""], ["Sebasti\u00e3o Assis Carvalho", "", ""], ["https://www.jatai.go.leg.br/materia/14277", "", ""], ["\"CONCEDE T\u00cdTULO HONOR\u00cdFICO DE CIDADANIA A PESSOA QUE MENCIONA E D\u00c1 OUTRAS PROVID\u00caNCIAS\".", "", ""]], [[14277, "", ""], [2004, "", ""], [9, "", ""], ["PDL", "", ""], ["Projeto de Decreto Legislativo", "", ""], ["Adilson de Carvalho", "", ""], ["https://www.jatai.go.leg.br/materia/14277", "", ""], ["\"CONCEDE T\u00cdTULO HONOR\u00cdFICO DE CIDADANIA A PESSOA QUE MENCIONA E D\u00c1 OUTRAS PROVID\u00caNCIAS\".", "", ""]], [[14277, "", ""], [2004, "", ""], [9, "", ""], ["PDL", "", ""], ["Projeto de Decreto Legislativo", "", ""], ["Gildenicio  Santos", "", ""], ["https://www.jatai.go.leg.br/materia/14277", "", ""], ["\"CONCEDE T\u00cdTULO HONOR\u00cdFICO DE CIDADANIA A PESSOA QUE MENCIONA E D\u00c1 OUTRAS PROVID\u00caNCIAS\".", "", ""]], [[14277, "", ""], [2004, "", ""], [9, "", ""], ["PDL", "", ""], ["Projeto de Decreto Legislativo", "", ""], ["Adilson Morais", "", ""], ["https://www.jatai.go.leg.br/materia/14277", "", ""], ["\"CONCEDE T\u00cdTULO HONOR\u00cdFICO DE CIDADANIA A PESSOA QUE MENCIONA E D\u00c1 OUTRAS PROVID\u00caNCIAS\".", "", ""]], [[14277, "", ""], [2004, "", ""], [9, "", ""], ["PDL", "", ""], ["Projeto de Decreto Legislativo", "", ""], ["Alc\u00e2ntara de Carvalho Neto", "", ""], ["https://www.jatai.go.leg.br/materia/14277", "", ""], ["\"CONCEDE T\u00cdTULO HONOR\u00cdFICO DE CIDADANIA A PESSOA QUE MENCIONA E D\u00c1 OUTRAS PROVID\u00caNCIAS\".", "", ""]], [[6801, "", ""], [2001, "", ""], [180, "", ""], ["REQ", "", ""], ["Requerimento", "", ""], ["Osmar Francisco de Souza", "", ""], ["https://www.jatai.go.leg.br/materia/6801", "", ""], ["REIVINDICA A CONSTRU\u00c7\u00c3O DE UMA QUADRA DE ESPORTES COBERTA E A REFORMA COMPLETA DA ESCOLA ESTADUAL ALC\u00c2NTARA DE CARVALHO, SITUADA NO SETOR OLAVO.", "", ""]], [[6801, "", ""], [2001, "", ""], [180, "", ""], ["REQ", "", ""], ["Requerimento", "", ""], ["Maria Euz\u00e9bia de Lima", "", ""], ["https://www.jatai.go.leg.br/materia/6801", "", ""], ["REIVINDICA A CONSTRU\u00c7\u00c3O DE UMA QUADRA DE ESPORTES COBERTA E A REFORMA COMPLETA DA ESCOLA ESTADUAL ALC\u00c2NTARA DE CARVALHO, SITUADA NO SETOR OLAVO.", "", ""]], [[6801, "", ""], [2001, "", ""], [180, "", ""], ["REQ", "", ""], ["Requerimento", "", ""], ["Leandro Vilela Veloso", "", ""], ["https://www.jatai.go.leg.br/materia/6801", "", ""], ["REIVINDICA A CONSTRU\u00c7\u00c3O DE UMA QUADRA DE ESPORTES COBERTA E A REFORMA COMPLETA DA ESCOLA ESTADUAL ALC\u00c2NTARA DE CARVALHO, SITUADA NO SETOR OLAVO.", "", ""]], [[6620, "", ""], [2001, "", ""], [312, "", ""], ["REQ", "", ""], ["Requerimento", "", ""], ["Osmar Francisco de Souza", "", ""], ["https://www.jatai.go.leg.br/materia/6620", "", ""], ["REIVINDICA PROVID\u00caNCIAS NO SENTIDO DE FAZER UM LEVANTAMENTO T\u00c9CNICO, E POSTERIORMENTE FAZER A REDE DE ESGOTO NA AV. DAS AM\u00c9RICAS NO TRECHO ENTRE AS RUAS ANT\u00d4NIO C\u00c2NDIDO E DORIVAL DE CARVALHO, VILA F\u00c1TIMA.", "", ""]], [[6619, "", ""], [2001, "", ""], [235, "", ""], ["REQ", "", ""], ["Requerimento", "", ""], ["Osmar Francisco de Souza", "", ""], ["https://www.jatai.go.leg.br/materia/6619", "", ""], ["SOLICITA A INSTALA\u00c7\u00c3O DE TREZENTOS TELEFONES RESIDENCIAIS NO SETOR COLMEIA PARK, CUJOS PEDIDOS FORAM FEITOS ANTERIORMENTE PELOS INTERESSADOS.", "", ""]], [[6618, "", ""], [2001, "", ""], [233, "", ""], ["REQ", "", ""], ["Requerimento", "", ""], ["Osmar Francisco de Souza", "", ""], ["https://www.jatai.go.leg.br/materia/6618", "", ""], ["SOLICITA A INSTALA\u00c7\u00c3O DE TR\u00caS TELEFONES P\u00daBLICOS TIPO ORELH\u00c3O NAS DEPEND\u00caNCIAS DO JATA\u00cd THERMAS CLUBE, SENDO UM PARA A LANCHONETE, OUTRO NA PORTARIA, E OUTRO NA CHURRASCARIA DO CLUBE. ", "", ""]], [[6617, "", ""], [2001, "", ""], [2320, "", ""], ["REQ", "", ""], ["Requerimento", "", ""], ["Osmar Francisco de Souza", "", ""], ["https://www.jatai.go.leg.br/materia/6617", "", ""], ["REIVINDICA A CONSTRU\u00c7\u00c3O DE REDE PLUVIAL NA RUA D. PEDRO II, SETOR SANTA MARIA.", "", ""]], [[6616, "", ""], [2001, "", ""], [205, "", ""], ["REQ", "", ""], ["Requerimento", "", ""], ["Osmar Francisco de Souza", "", ""], ["https://www.jatai.go.leg.br/materia/6616", "", ""], ["REIVINDICA UMA REFORMA COMPLETA NA ESCOLA MUNICIPAL CLARINDO DE MELO, SITUADA NA VILA PROGRESSO.", "", ""]], [[6614, "", ""], [2001, "", ""], [203, "", ""], ["REQ", "", ""], ["Requerimento", "", ""], ["Osmar Francisco de Souza", "", ""], ["https://www.jatai.go.leg.br/materia/6614", "", ""], ["SOLICITA A CONSTRU\u00c7\u00c3O DE UMA ROTAT\u00d3RIA NAS CONFLU\u00caNCIAS DAS RUAS SAMUEL GRAHAM, PADRE FEIJ\u00d3 E OSVALDO CRUZ - SETOR ANTENA.", "", ""]], [[6613, "", ""], [2001, "", ""], [183, "", ""], ["REQ", "", ""], ["Requerimento", "", ""], ["Osmar Francisco de Souza", "", ""], ["https://www.jatai.go.leg.br/materia/6613", "", ""], ["REIVINDICA A COLOCA\u00c7\u00c3O DE LUMIN\u00c1RIAS NAS RUAS DO POVOADO DE NAVESL\u00c2NDIA.", "", ""]], [[6612, "", ""], [2001, "", ""], [182, "", ""], ["REQ", "", ""], ["Requerimento", "", ""], ["Osmar Francisco de Souza", "", ""], ["https://www.jatai.go.leg.br/materia/6612", "", ""], ["SOLICITA A COLOCA\u00c7\u00c3O DE UMA TORRE TRANSMISSORA DE SINAL DE CELULAR NO POVOADO DE NAVESL\u00c2NDIA.", "", ""]], [[6611, "", ""], [2001, "", ""], [156, "", ""], ["REQ", "", ""], ["Requerimento", "", ""], ["Osmar Francisco de Souza", "", ""], ["https://www.jatai.go.leg.br/materia/6611", "", ""], ["REIVINDICA A COMPLEMENTA\u00c7\u00c3O DO ASFALTO DA RUA ALAMEDA CAIAP\u00d4NIA, NO CONJUNTO RIO CLARO.", "", ""]], [[6609, "", ""], [2001, "", ""], [148, "", ""], ["REQ", "", ""], ["Requerimento", "", ""], ["Osmar Francisco de Souza", "", ""], ["https://www.jatai.go.leg.br/materia/6609", "", ""], ["REIVINDICA PROVID\u00caNCIAS NO SENTIDO DE COLOCAR ILUMINA\u00c7\u00c3O (L\u00c2MPADAS VAPOR DE MERC\u00daRIO), NAS RUAS QUE CIRCUNDAM O COL\u00c9GIO ISG - INSTITUTO SAMUEL GRAHAM.", "", ""]], [[6607, "", ""], [2001, "", ""], [140, "", ""], ["REQ", "", ""], ["Requerimento", "", ""], ["Osmar Francisco de Souza", "", ""], ["https://www.jatai.go.leg.br/materia/6607", "", ""], ["SOLICITA A INSTALA\u00c7\u00c3O DE UM TELEFONE P\u00daBLICO, TIPO ORELH\u00c3O, NA RUA ANT\u00d4NIO C\u00c2NDIDO, N.\u00ba 281, ESQUINA COM A AV. VOLUNT\u00c1RIOS DA P\u00c1TRIA, EM FRENTE O HOTEL DA 'TIA MARGARIDA', SETOR JARDIM RIO CLARO.", "", ""]], [[6605, "", ""], [2001, "", ""], [125, "", ""], ["REQ", "", ""], ["Requerimento", "", ""], ["Osmar Francisco de Souza", "", ""], ["https://www.jatai.go.leg.br/materia/6605", "", ""], ["REIVINDICA PROCEDER O LEVANTAMENTO DE LOTES ABANDONADOS DOS SETORES HERMOSA, JACUTINGA, JOS\u00c9 BENTO, FRANCISCO ANT\u00d4NIO E OUTROS, CUJOS PROPRIET\u00c1RIOS OU DETENTORES DE DIREITOS SE ACHAM DESAPARECIDOS OU EM LUGARES INCERTOS DE DIF\u00cdCIL COMUNICA\u00c7\u00c3O.", "", ""]], [[6603, "", ""], [2001, "", ""], [124, "", ""], ["REQ", "", ""], ["Requerimento", "", ""], ["Osmar Francisco de Souza", "", ""], ["https://www.jatai.go.leg.br/materia/6603", "", ""], ["REIVINDICA QUE SEJAM REALIZADAS AS OBRAS DOS LOGRADOUROS DA AV. PERIMETRAL, ENTRE A RUA RUI BARBOSA AT\u00c9 O POSTO GUARANY II, QUAIS SEJAM: CAL\u00c7ADAS LATERAIS.", "", ""]], [[6601, "", ""], [2001, "", ""], [123, "", ""], ["REQ", "", ""], ["Requerimento", "", ""], ["Osmar Francisco de Souza", "", ""], ["https://www.jatai.go.leg.br/materia/6601", "", ""], ["REIVINDICA PROVID\u00caNCIAS NO SENTIDO DE DETERMINAR AO SETOR COMPETENTE PARA FAZER A ILUMINA\u00c7\u00c3O COMPLETA, BEM COMO, COLOCAR 60 BRA\u00c7OS COMPLETOS DE LUMIN\u00c1RIAS BENEFICIANDO OS SETORES SERRA AZUL, FABRINI, AIMBIR\u00c9, POPULAR, E PARTE DA VILA F\u00c1TIMA.", "", ""]], [[6598, "", ""], [2001, "", ""], [21, "", ""], ["REQ", "", ""], ["Requerimento", "", ""], ["Osmar Francisco de Souza", "", ""], ["https://www.jatai.go.leg.br/materia/6598", "", ""], ["SOLICITA A CONSTRU\u00c7\u00c3O DE UMA ROTAT\u00d3RIA NA ESQUINA DA AV. GOI\u00c1S COM A RUA ALMEIDA.", "", ""]], [[6597, "", ""], [2001, "", ""], [20, "", ""], ["REQ", "", ""], ["Requerimento", "", ""], ["Osmar Francisco de Souza", "", ""], ["https://www.jatai.go.leg.br/materia/6597", "", ""], ["SOLICITA A INSTALA\u00c7\u00c3O DE UM TELEFONE P\u00daBLICO, TIPO ORELH\u00c3O, NA RUA DO HIP\u00d3DROMO QD. 17-F, LT. 08, N.\u00ba 3.013, NAS DEPEND\u00caNCIAS NO MERCADO MINI BOX BARAT\u00c3O, VILA F\u00c1TIMA.", "", ""]], [[6339, "", ""], [2002, "", ""], [68, "", ""], ["REQ", "", ""], ["Requerimento", "", ""], ["Alcides Peregrino Fazolino", "", ""], ["https://www.jatai.go.leg.br/materia/6339", "", ""], ["SOLICITAM A APROVA\u00c7\u00c3O POR DECRETO DOS SEGUINTES LOTEAMENTOS DO ESTADO: SEBASTI\u00c3O HERCULANO, VILA MUTIR\u00c3O, FILOSTRO MACHADO, COLMEIA PARK E DORIVAL DE CARVALHO.", "", ""]], [[6339, "", ""], [2002, "", ""], [68, "", ""], ["REQ", "", ""], ["Requerimento", "", ""], ["Leandro Vilela Veloso", "", ""], ["https://www.jatai.go.leg.br/materia/6339", "", ""], ["SOLICITAM A APROVA\u00c7\u00c3O POR DECRETO DOS SEGUINTES LOTEAMENTOS DO ESTADO: SEBASTI\u00c3O HERCULANO, VILA MUTIR\u00c3O, FILOSTRO MACHADO, COLMEIA PARK E DORIVAL DE CARVALHO.", "", ""]], [[6339, "", ""], [2002, "", ""], [68, "", ""], ["REQ", "", ""], ["Requerimento", "", ""], ["Jo\u00e3o Wesley Cabral de Moura", "", ""], ["https://www.jatai.go.leg.br/materia/6339", "", ""], ["SOLICITAM A APROVA\u00c7\u00c3O POR DECRETO DOS SEGUINTES LOTEAMENTOS DO ESTADO: SEBASTI\u00c3O HERCULANO, VILA MUTIR\u00c3O, FILOSTRO MACHADO, COLMEIA PARK E DORIVAL DE CARVALHO.", "", ""]], [[6339, "", ""], [2002, "", ""], [68, "", ""], ["REQ", "", ""], ["Requerimento", "", ""], ["Eulando Faria Borges", "", ""], ["https://www.jatai.go.leg.br/materia/6339", "", ""], ["SOLICITAM A APROVA\u00c7\u00c3O POR DECRETO DOS SEGUINTES LOTEAMENTOS DO ESTADO: SEBASTI\u00c3O HERCULANO, VILA MUTIR\u00c3O, FILOSTRO MACHADO, COLMEIA PARK E DORIVAL DE CARVALHO.", "", ""]], [[6339, "", ""], [2002, "", ""], [68, "", ""], ["REQ", "", ""], ["Requerimento", "", ""], ["Erasmo Rosa da Silva", "", ""], ["https://www.jatai.go.leg.br/materia/6339", "", ""], ["SOLICITAM A APROVA\u00c7\u00c3O POR DECRETO DOS SEGUINTES LOTEAMENTOS DO ESTADO: SEBASTI\u00c3O HERCULANO, VILA MUTIR\u00c3O, FILOSTRO MACHADO, COLMEIA PARK E DORIVAL DE CARVALHO.", "", ""]], [[6339, "", ""], [2002, "", ""], [68, "", ""], ["REQ", "", ""], ["Requerimento", "", ""], ["Maria Euz\u00e9bia de Lima", "", ""], ["https://www.jatai.go.leg.br/materia/6339", "", ""], ["SOLICITAM A APROVA\u00c7\u00c3O POR DECRETO DOS SEGUINTES LOTEAMENTOS DO ESTADO: SEBASTI\u00c3O HERCULANO, VILA MUTIR\u00c3O, FILOSTRO MACHADO, COLMEIA PARK E DORIVAL DE CARVALHO.", "", ""]], [[6339, "", ""], [2002, "", ""], [68, "", ""], ["REQ", "", ""], ["Requerimento", "", ""], ["Sebasti\u00e3o Assis Carvalho", "", ""], ["https://www.jatai.go.leg.br/materia/6339", "", ""], ["SOLICITAM A APROVA\u00c7\u00c3O POR DECRETO DOS SEGUINTES LOTEAMENTOS DO ESTADO: SEBASTI\u00c3O HERCULANO, VILA MUTIR\u00c3O, FILOSTRO MACHADO, COLMEIA PARK E DORIVAL DE CARVALHO.", "", ""]], [[6339, "", ""], [2002, "", ""], [68, "", ""], ["REQ", "", ""], ["Requerimento", "", ""], ["Osmar Francisco de Souza", "", ""], ["https://www.jatai.go.leg.br/materia/6339", "", ""], ["SOLICITAM A APROVA\u00c7\u00c3O POR DECRETO DOS SEGUINTES LOTEAMENTOS DO ESTADO: SEBASTI\u00c3O HERCULANO, VILA MUTIR\u00c3O, FILOSTRO MACHADO, COLMEIA PARK E DORIVAL DE CARVALHO.", "", ""]], [[6339, "", ""], [2002, "", ""], [68, "", ""], ["REQ", "", ""], ["Requerimento", "", ""], ["Gildenicio  Santos", "", ""], ["https://www.jatai.go.leg.br/materia/6339", "", ""], ["SOLICITAM A APROVA\u00c7\u00c3O POR DECRETO DOS SEGUINTES LOTEAMENTOS DO ESTADO: SEBASTI\u00c3O HERCULANO, VILA MUTIR\u00c3O, FILOSTRO MACHADO, COLMEIA PARK E DORIVAL DE CARVALHO.", "", ""]], [[6339, "", ""], [2002, "", ""], [68, "", ""], ["REQ", "", ""], ["Requerimento", "", ""], ["Ediglan \u00a0Maia", "", ""], ["https://www.jatai.go.leg.br/materia/6339", "", ""], ["SOLICITAM A APROVA\u00c7\u00c3O POR DECRETO DOS SEGUINTES LOTEAMENTOS DO ESTADO: SEBASTI\u00c3O HERCULANO, VILA MUTIR\u00c3O, FILOSTRO MACHADO, COLMEIA PARK E DORIVAL DE CARVALHO.", "", ""]], [[6339, "", ""], [2002, "", ""], [68, "", ""], ["REQ", "", ""], ["Requerimento", "", ""], ["Cid\u00e1lia Vilela", "", ""], ["https://www.jatai.go.leg.br/materia/6339", "", ""], ["SOLICITAM A APROVA\u00c7\u00c3O POR DECRETO DOS SEGUINTES LOTEAMENTOS DO ESTADO: SEBASTI\u00c3O HERCULANO, VILA MUTIR\u00c3O, FILOSTRO MACHADO, COLMEIA PARK E DORIVAL DE CARVALHO.", "", ""]], [[6339, "", ""], [2002, "", ""], [68, "", ""], ["REQ", "", ""], ["Requerimento", "", ""], ["Carlone Assis", "", ""], ["https://www.jatai.go.leg.br/materia/6339", "", ""], ["SOLICITAM A APROVA\u00c7\u00c3O POR DECRETO DOS SEGUINTES LOTEAMENTOS DO ESTADO: SEBASTI\u00c3O HERCULANO, VILA MUTIR\u00c3O, FILOSTRO MACHADO, COLMEIA PARK E DORIVAL DE CARVALHO.", "", ""]], [[6339, "", ""], [2002, "", ""], [68, "", ""], ["REQ", "", ""], ["Requerimento", "", ""], ["Alc\u00e2ntara de Carvalho Neto", "", ""], ["https://www.jatai.go.leg.br/materia/6339", "", ""], ["SOLICITAM A APROVA\u00c7\u00c3O POR DECRETO DOS SEGUINTES LOTEAMENTOS DO ESTADO: SEBASTI\u00c3O HERCULANO, VILA MUTIR\u00c3O, FILOSTRO MACHADO, COLMEIA PARK E DORIVAL DE CARVALHO.", "", ""]], [[6339, "", ""], [2002, "", ""], [68, "", ""], ["REQ", "", ""], ["Requerimento", "", ""], ["Adilson Morais", "", ""], ["https://www.jatai.go.leg.br/materia/6339", "", ""], ["SOLICITAM A APROVA\u00c7\u00c3O POR DECRETO DOS SEGUINTES LOTEAMENTOS DO ESTADO: SEBASTI\u00c3O HERCULANO, VILA MUTIR\u00c3O, FILOSTRO MACHADO, COLMEIA PARK E DORIVAL DE CARVALHO.", "", ""]], [[6339, "", ""], [2002, "", ""], [68, "", ""], ["REQ", "", ""], ["Requerimento", "", ""], ["Adilson de Carvalho", "", ""], ["https://www.jatai.go.leg.br/materia/6339", "", ""], ["SOLICITAM A APROVA\u00c7\u00c3O POR DECRETO DOS SEGUINTES LOTEAMENTOS DO ESTADO: SEBASTI\u00c3O HERCULANO, VILA MUTIR\u00c3O, FILOSTRO MACHADO, COLMEIA PARK E DORIVAL DE CARVALHO.", "", ""]], [[6294, "", ""], [2002, "", ""], [1070, "", ""], ["REQ", "", ""], ["Requerimento", "", ""], ["Osmar Francisco de Souza", "", ""], ["https://www.jatai.go.leg.br/materia/6294", "", ""], ["REIVINDICA PROVID\u00caNCIAS A CURTO PRAZO NO SENTIDO DE DETERMINAR AO SETOR COMPETENTE PROCEDER LEVANTAMENTO DOS LOTES ABANDONADOS DOS SETORES: JACUTINGA, JOS\u00c9 BENTO, FRANCISCO ANT\u00d4NIO, HERMOSA E OUTROS, CUJOS PROPRIET\u00c1RIOS OU DETENTORES DE DIREITOS SE ACHAM DESAPARECIDOS OU SE MUDARAM OU SE ENCONTRAM EM LUGARES INCERTOS DE DIF\u00cdCIL COMUNICA\u00c7\u00c3O.", "", ""]], [[6293, "", ""], [2002, "", ""], [78, "", ""], ["REQ", "", ""], ["Requerimento", "", ""], ["Osmar Francisco de Souza", "", ""], ["https://www.jatai.go.leg.br/materia/6293", "", ""], ["SOLICITA AS BOAS PROVID\u00caNCIAS NO SENTIDO DE COLOCAR REDUTORES DE VELOCIDADE E SINALIZA\u00c7\u00c3O ADEQUADA NA AV. CENTRAL - VILA F\u00c1TIMA, EM FRENTE \u00c0 ESCOLA PEDACINHO DO C\u00c9U.", "", ""]], [[6292, "", ""], [2002, "", ""], [34, "", ""], ["REQ", "", ""], ["Requerimento", "", ""], ["Osmar Francisco de Souza", "", ""], ["https://www.jatai.go.leg.br/materia/6292", "", ""], ["REIVINDICA URGENTES PROVID\u00caNCIAS NO SENTIDO DE COLOCAR UMA TORRE TRANSMISSORA DE SINAL DE CELULAR NO POVOADO DE NAVESL\u00c2NDIA.", "", ""]], [[6291, "", ""], [2002, "", ""], [15, "", ""], ["REQ", "", ""], ["Requerimento", "", ""], ["Osmar Francisco de Souza", "", ""], ["https://www.jatai.go.leg.br/materia/6291", "", ""], ["SOLICITA AS BOAS PROVID\u00caNCIAS NO SENTIDO DE CONSTRUIR UMA ROTAT\u00d3RIA OU COLOCAR SEM\u00c1FORO NO CRUZAMENTO DAS RUAS D. PEDRO II E RIO VERDE.", "", ""]], [[6281, "", ""], [2002, "", ""], [131, "", ""], ["REQ", "", ""], ["Requerimento", "", ""], ["Maria Euz\u00e9bia de Lima", "", ""], ["https://www.jatai.go.leg.br/materia/6281", "", ""], ["REQUEREM A IMPLANTA\u00c7\u00c3O DE UMA DELEGACIA DA INF\u00c2NCIA E DA JUVENTUDE NA CIDADE DE JATA\u00cd.", "", ""]], [[6281, "", ""], [2002, "", ""], [131, "", ""], ["REQ", "", ""], ["Requerimento", "", ""], ["Carlone Assis", "", ""], ["https://www.jatai.go.leg.br/materia/6281", "", ""], ["REQUEREM A IMPLANTA\u00c7\u00c3O DE UMA DELEGACIA DA INF\u00c2NCIA E DA JUVENTUDE NA CIDADE DE JATA\u00cd.", "", ""]], [[6281, "", ""], [2002, "", ""], [131, "", ""], ["REQ", "", ""], ["Requerimento", "", ""], ["Geovaci Peres", "", ""], ["https://www.jatai.go.leg.br/materia/6281", "", ""], ["REQUEREM A IMPLANTA\u00c7\u00c3O DE UMA DELEGACIA DA INF\u00c2NCIA E DA JUVENTUDE NA CIDADE DE JATA\u00cd.", "", ""]], [[6281, "", ""], [2002, "", ""], [131, "", ""], ["REQ", "", ""], ["Requerimento", "", ""], ["Adilson de Carvalho", "", ""], ["https://www.jatai.go.leg.br/materia/6281", "", ""], ["REQUEREM A IMPLANTA\u00c7\u00c3O DE UMA DELEGACIA DA INF\u00c2NCIA E DA JUVENTUDE NA CIDADE DE JATA\u00cd.", "", ""]], [[6281, "", ""], [2002, "", ""], [131, "", ""], ["REQ", "", ""], ["Requerimento", "", ""], ["Osmar Francisco de Souza", "", ""], ["https://www.jatai.go.leg.br/materia/6281", "", ""], ["REQUEREM A IMPLANTA\u00c7\u00c3O DE UMA DELEGACIA DA INF\u00c2NCIA E DA JUVENTUDE NA CIDADE DE JATA\u00cd.", "", ""]], [[6281, "", ""], [2002, "", ""], [131, "", ""], ["REQ", "", ""], ["Requerimento", "", ""], ["Sebasti\u00e3o Assis Carvalho", "", ""], ["https://www.jatai.go.leg.br/materia/6281", "", ""], ["REQUEREM A IMPLANTA\u00c7\u00c3O DE UMA DELEGACIA DA INF\u00c2NCIA E DA JUVENTUDE NA CIDADE DE JATA\u00cd.", "", ""]], [[6281, "", ""], [2002, "", ""], [131, "", ""], ["REQ", "", ""], ["Requerimento", "", ""], ["Adilson Morais", "", ""], ["https://www.jatai.go.leg.br/materia/6281", "", ""], ["REQUEREM A IMPLANTA\u00c7\u00c3O DE UMA DELEGACIA DA INF\u00c2NCIA E DA JUVENTUDE NA CIDADE DE JATA\u00cd.", "", ""]], [[6281, "", ""], [2002, "", ""], [131, "", ""], ["REQ", "", ""], ["Requerimento", "", ""], ["Alc\u00e2ntara de Carvalho Neto", "", ""], ["https://www.jatai.go.leg.br/materia/6281", "", ""], ["REQUEREM A IMPLANTA\u00c7\u00c3O DE UMA DELEGACIA DA INF\u00c2NCIA E DA JUVENTUDE NA CIDADE DE JATA\u00cd.", "", ""]], [[6281, "", ""], [2002, "", ""], [131, "", ""], ["REQ", "", ""], ["Requerimento", "", ""], ["Alcides Peregrino Fazolino", "", ""], ["https://www.jatai.go.leg.br/materia/6281", "", ""], ["REQUEREM A IMPLANTA\u00c7\u00c3O DE UMA DELEGACIA DA INF\u00c2NCIA E DA JUVENTUDE NA CIDADE DE JATA\u00cd.", "", ""]], [[6281, "", ""], [2002, "", ""], [131, "", ""], ["REQ", "", ""], ["Requerimento", "", ""], ["Cid\u00e1lia Vilela", "", ""], ["https://www.jatai.go.leg.br/materia/6281", "", ""], ["REQUEREM A IMPLANTA\u00c7\u00c3O DE UMA DELEGACIA DA INF\u00c2NCIA E DA JUVENTUDE NA CIDADE DE JATA\u00cd.", "", ""]], [[6281, "", ""], [2002, "", ""], [131, "", ""], ["REQ", "", ""], ["Requerimento", "", ""], ["Ediglan \u00a0Maia", "", ""], ["https://www.jatai.go.leg.br/materia/6281", "", ""], ["REQUEREM A IMPLANTA\u00c7\u00c3O DE UMA DELEGACIA DA INF\u00c2NCIA E DA JUVENTUDE NA CIDADE DE JATA\u00cd.", "", ""]], [[6281, "", ""], [2002, "", ""], [131, "", ""], ["REQ", "", ""], ["Requerimento", "", ""], ["Erasmo Rosa da Silva", "", ""], ["https://www.jatai.go.leg.br/materia/6281", "", ""], ["REQUEREM A IMPLANTA\u00c7\u00c3O DE UMA DELEGACIA DA INF\u00c2NCIA E DA JUVENTUDE NA CIDADE DE JATA\u00cd.", "", ""]], [[6281, "", ""], [2002, "", ""], [131, "", ""], ["REQ", "", ""], ["Requerimento", "", ""], ["Eulando Faria Borges", "", ""], ["https://www.jatai.go.leg.br/materia/6281", "", ""], ["REQUEREM A IMPLANTA\u00c7\u00c3O DE UMA DELEGACIA DA INF\u00c2NCIA E DA JUVENTUDE NA CIDADE DE JATA\u00cd.", "", ""]], [[6281, "", ""], [2002, "", ""], [131, "", ""], ["REQ", "", ""], ["Requerimento", "", ""], ["Leandro Vilela Veloso", "", ""], ["https://www.jatai.go.leg.br/materia/6281", "", ""], ["REQUEREM A IMPLANTA\u00c7\u00c3O DE UMA DELEGACIA DA INF\u00c2NCIA E DA JUVENTUDE NA CIDADE DE JATA\u00cd.", "", ""]], [[6281, "", ""], [2002, "", ""], [131, "", ""], ["REQ", "", ""], ["Requerimento", "", ""], ["Jo\u00e3o Wesley Cabral de Moura", "", ""], ["https://www.jatai.go.leg.br/materia/6281", "", ""], ["REQUEREM A IMPLANTA\u00c7\u00c3O DE UMA DELEGACIA DA INF\u00c2NCIA E DA JUVENTUDE NA CIDADE DE JATA\u00cd.", "", ""]], [[6196, "", ""], [2003, "", ""], [333, "", ""], ["REQ", "", ""], ["Requerimento", "", ""], ["Osmar Francisco de Souza", "", ""], ["https://www.jatai.go.leg.br/materia/6196", "", ""], ["SOLICITA PROVID\u00caNCIAS NO SENTIDO DE DETERMINAR A INSTALA\u00c7\u00c3O DE CINQUENTA LINHAS TELEF\u00d4NICAS RESIDENCIAIS PARA O POVOADO DA EST\u00c2NCIA.", "", ""]], [[6195, "", ""], [2003, "", ""], [3280, "", ""], ["REQ", "", ""], ["Requerimento", "", ""], ["Osmar Francisco de Souza", "", ""], ["https://www.jatai.go.leg.br/materia/6195", "", ""], ["REIVINDICA A CURTO PRAZO NO SENTIDO DE DETERMINAR AO SETOR COMPETENTE A LIMPEZA NAS \u00c1REAS VERDES QUE PERTENCEM AO MUNIC\u00cdPIO E TAMB\u00c9M NOS TERRENOS QUE SE ENCONTRAM NA \u00c1REA DO CONHECIDO BRITADOR DO LEOPOLDO", "", ""]], [[6194, "", ""], [2003, "", ""], [294, "", ""], ["REQ", "", ""], ["Requerimento", "", ""], ["Osmar Francisco de Souza", "", ""], ["https://www.jatai.go.leg.br/materia/6194", "", ""], ["SOLICITA PROVID\u00caNCIAS A CURTO PRAZO NO SENTIDO DE FAZER PAVIMENTA\u00c7\u00c3O ASF\u00c1LTICA NA RUA 108 COM LEOPOLDO DE BULH\u00d5ES, BEM COMO, AS RUAS QUE CIRCUNDAM A QUADRA ONDE FICA O CLUBE DOS M\u00c9DICOS E LIONS CLUB, NO SETOR VILA FAT\u00cdMA.", "", ""]], [[6193, "", ""], [2003, "", ""], [242, "", ""], ["REQ", "", ""], ["Requerimento", "", ""], ["Osmar Francisco de Souza", "", ""], ["https://www.jatai.go.leg.br/materia/6193", "", ""], ["SOLICITA PROVID\u00caNCIAS NO SENTIDO DE COLOCAR UM SEM\u00c1FARO OU ROTAT\u00d3RIA NO CRUZAMENTO DA RUA CAPIT\u00c3O SERAFIM DE BARROS ESQUINA COM RUA ALMEIDA.", "", ""]], [[6191, "", ""], [2003, "", ""], [188, "", ""], ["REQ", "", ""], ["Requerimento", "", ""], ["Osmar Francisco de Souza", "", ""], ["https://www.jatai.go.leg.br/materia/6191", "", ""], ["SOLICITA PROVID\u00caNCIAS NO SENTIDO DE DETERMINAR A MUDAN\u00c7A DE LOCAL, DO PONTO DE \u00d4NIBUS COLETIVO, EXISTENTE NA RUA DORIVAL DE CARVALHO, PR\u00d3XIMO \u00c0 ESQUINA COM A RUA CAP. FRANCISCO JOAQUIM VILELA NO CENTRO DA CIDADE.", "", ""]], [[6189, "", ""], [2003, "", ""], [148, "", ""], ["REQ", "", ""], ["Requerimento", "", ""], ["Osmar Francisco de Souza", "", ""], ["https://www.jatai.go.leg.br/materia/6189", "", ""], ["SOLICITA A\u00c7\u00d5ES DE PREVEN\u00c7\u00c3O E INVESTIGA\u00c7\u00c3O, VISANDO DESBARATAR UMA POSS\u00cdVEL QUADRILHA DE GATUNOS QUE EST\u00c3O AGINDO EM NOSSA CIDADE E ZONA RURAL, FURTANDO FIOS EL\u00c9TRICOS, CABOS DE COBRE E OUTROS DERIVADOS DE ELETRICIDADE, EM RESID\u00caNCIAS, PR\u00d3PRIAS, P\u00daBLICAS, PRO?RIEDADES RURAIS, ETC.", "", ""]], [[6184, "", ""], [2003, "", ""], [97, "", ""], ["REQ", "", ""], ["Requerimento", "", ""], ["Osmar Francisco de Souza", "", ""], ["https://www.jatai.go.leg.br/materia/6184", "", ""], ["SOLICITA PROVID\u00caNCIAS A CURTO PRAZO NO SENTIDO DE DETERMINAR AO SETOR COMPETENTE A PAVIMENTA\u00c7\u00c3O NA RUA ALAMEDA DOS PECUARISTAS SETOR GRANJEIRO.", "", ""]], [[6182, "", ""], [2003, "", ""], [76, "", ""], ["REQ", "", ""], ["Requerimento", "", ""], ["Osmar Francisco de Souza", "", ""], ["https://www.jatai.go.leg.br/materia/6182", "", ""], ["REIVINDICA PROVID\u00caNCIAS A CURTO PRAZO NO SENTIDO DE DETERMINAR AO SETOR VILA SOFIA, POIS ESTA NOS DIAS DE CHUVA FICA TOTALMENTE ALAGADA.", "", ""]], [[6181, "", ""], [2003, "", ""], [357, "", ""], ["MOC", "", ""], ["Mo\u00e7\u00e3o", "", ""], ["Osmar Francisco de Souza", "", ""], ["https://www.jatai.go.leg.br/materia/6181", "", ""], ["MO\u00c7\u00c3O DE PESAR \u00c0 FAM\u00cdLIA \"ALVES ASSIS\", ESPECIALMENTE, AO VEREADOR EX-PRESIDENTE DESTA CASA, CARLONE ALVES DE ASSIS E SUA GENITORA TEREZA ALVES DE ASSIS PELO FALECIMENTO DE SEU GENITOR, EUR\u00cdPEDES JOS\u00c9 DE ASSIS.", "", ""]], [[6181, "", ""], [2003, "", ""], [357, "", ""], ["MOC", "", ""], ["Mo\u00e7\u00e3o", "", ""], ["Alc\u00e2ntara de Carvalho Neto", "", ""], ["https://www.jatai.go.leg.br/materia/6181", "", ""], ["MO\u00c7\u00c3O DE PESAR \u00c0 FAM\u00cdLIA \"ALVES ASSIS\", ESPECIALMENTE, AO VEREADOR EX-PRESIDENTE DESTA CASA, CARLONE ALVES DE ASSIS E SUA GENITORA TEREZA ALVES DE ASSIS PELO FALECIMENTO DE SEU GENITOR, EUR\u00cdPEDES JOS\u00c9 DE ASSIS.", "", ""]], [[6181, "", ""], [2003, "", ""], [357, "", ""], ["MOC", "", ""], ["Mo\u00e7\u00e3o", "", ""], ["Alcides Peregrino Fazolino", "", ""], ["https://www.jatai.go.leg.br/materia/6181", "", ""], ["MO\u00c7\u00c3O DE PESAR \u00c0 FAM\u00cdLIA \"ALVES ASSIS\", ESPECIALMENTE, AO VEREADOR EX-PRESIDENTE DESTA CASA, CARLONE ALVES DE ASSIS E SUA GENITORA TEREZA ALVES DE ASSIS PELO FALECIMENTO DE SEU GENITOR, EUR\u00cdPEDES JOS\u00c9 DE ASSIS.", "", ""]], [[6181, "", ""], [2003, "", ""], [357, "", ""], ["MOC", "", ""], ["Mo\u00e7\u00e3o", "", ""], ["Carlone Assis", "", ""], ["https://www.jatai.go.leg.br/materia/6181", "", ""], ["MO\u00c7\u00c3O DE PESAR \u00c0 FAM\u00cdLIA \"ALVES ASSIS\", ESPECIALMENTE, AO VEREADOR EX-PRESIDENTE DESTA CASA, CARLONE ALVES DE ASSIS E SUA GENITORA TEREZA ALVES DE ASSIS PELO FALECIMENTO DE SEU GENITOR, EUR\u00cdPEDES JOS\u00c9 DE ASSIS.", "", ""]], [[6181, "", ""], [2003, "", ""], [357, "", ""], ["MOC", "", ""], ["Mo\u00e7\u00e3o", "", ""], ["Cid\u00e1lia Vilela", "", ""], ["https://www.jatai.go.leg.br/materia/6181", "", ""], ["MO\u00c7\u00c3O DE PESAR \u00c0 FAM\u00cdLIA \"ALVES ASSIS\", ESPECIALMENTE, AO VEREADOR EX-PRESIDENTE DESTA CASA, CARLONE ALVES DE ASSIS E SUA GENITORA TEREZA ALVES DE ASSIS PELO FALECIMENTO DE SEU GENITOR, EUR\u00cdPEDES JOS\u00c9 DE ASSIS.", "", ""]], [[6181, "", ""], [2003, "", ""], [357, "", ""], ["MOC", "", ""], ["Mo\u00e7\u00e3o", "", ""], ["Ediglan \u00a0Maia", "", ""], ["https://www.jatai.go.leg.br/materia/6181", "", ""], ["MO\u00c7\u00c3O DE PESAR \u00c0 FAM\u00cdLIA \"ALVES ASSIS\", ESPECIALMENTE, AO VEREADOR EX-PRESIDENTE DESTA CASA, CARLONE ALVES DE ASSIS E SUA GENITORA TEREZA ALVES DE ASSIS PELO FALECIMENTO DE SEU GENITOR, EUR\u00cdPEDES JOS\u00c9 DE ASSIS.", "", ""]], [[6181, "", ""], [2003, "", ""], [357, "", ""], ["MOC", "", ""], ["Mo\u00e7\u00e3o", "", ""], ["Erasmo Rosa da Silva", "", ""], ["https://www.jatai.go.leg.br/materia/6181", "", ""], ["MO\u00c7\u00c3O DE PESAR \u00c0 FAM\u00cdLIA \"ALVES ASSIS\", ESPECIALMENTE, AO VEREADOR EX-PRESIDENTE DESTA CASA, CARLONE ALVES DE ASSIS E SUA GENITORA TEREZA ALVES DE ASSIS PELO FALECIMENTO DE SEU GENITOR, EUR\u00cdPEDES JOS\u00c9 DE ASSIS.", "", ""]], [[6181, "", ""], [2003, "", ""], [357, "", ""], ["MOC", "", ""], ["Mo\u00e7\u00e3o", "", ""], ["Eulando Faria Borges", "", ""], ["https://www.jatai.go.leg.br/materia/6181", "", ""], ["MO\u00c7\u00c3O DE PESAR \u00c0 FAM\u00cdLIA \"ALVES ASSIS\", ESPECIALMENTE, AO VEREADOR EX-PRESIDENTE DESTA CASA, CARLONE ALVES DE ASSIS E SUA GENITORA TEREZA ALVES DE ASSIS PELO FALECIMENTO DE SEU GENITOR, EUR\u00cdPEDES JOS\u00c9 DE ASSIS.", "", ""]], [[6181, "", ""], [2003, "", ""], [357, "", ""], ["MOC", "", ""], ["Mo\u00e7\u00e3o", "", ""], ["Maria Euz\u00e9bia de Lima", "", ""], ["https://www.jatai.go.leg.br/materia/6181", "", ""], ["MO\u00c7\u00c3O DE PESAR \u00c0 FAM\u00cdLIA \"ALVES ASSIS\", ESPECIALMENTE, AO VEREADOR EX-PRESIDENTE DESTA CASA, CARLONE ALVES DE ASSIS E SUA GENITORA TEREZA ALVES DE ASSIS PELO FALECIMENTO DE SEU GENITOR, EUR\u00cdPEDES JOS\u00c9 DE ASSIS.", "", ""]], [[6181, "", ""], [2003, "", ""], [357, "", ""], ["MOC", "", ""], ["Mo\u00e7\u00e3o", "", ""], ["Sebasti\u00e3o Assis Carvalho", "", ""], ["https://www.jatai.go.leg.br/materia/6181", "", ""], ["MO\u00c7\u00c3O DE PESAR \u00c0 FAM\u00cdLIA \"ALVES ASSIS\", ESPECIALMENTE, AO VEREADOR EX-PRESIDENTE DESTA CASA, CARLONE ALVES DE ASSIS E SUA GENITORA TEREZA ALVES DE ASSIS PELO FALECIMENTO DE SEU GENITOR, EUR\u00cdPEDES JOS\u00c9 DE ASSIS.", "", ""]], [[6181, "", ""], [2003, "", ""], [357, "", ""], ["MOC", "", ""], ["Mo\u00e7\u00e3o", "", ""], ["Adilson de Carvalho", "", ""], ["https://www.jatai.go.leg.br/materia/6181", "", ""], ["MO\u00c7\u00c3O DE PESAR \u00c0 FAM\u00cdLIA \"ALVES ASSIS\", ESPECIALMENTE, AO VEREADOR EX-PRESIDENTE DESTA CASA, CARLONE ALVES DE ASSIS E SUA GENITORA TEREZA ALVES DE ASSIS PELO FALECIMENTO DE SEU GENITOR, EUR\u00cdPEDES JOS\u00c9 DE ASSIS.", "", ""]], [[6181, "", ""], [2003, "", ""], [357, "", ""], ["MOC", "", ""], ["Mo\u00e7\u00e3o", "", ""], ["Jo\u00e3o Wesley Cabral de Moura", "", ""], ["https://www.jatai.go.leg.br/materia/6181", "", ""], ["MO\u00c7\u00c3O DE PESAR \u00c0 FAM\u00cdLIA \"ALVES ASSIS\", ESPECIALMENTE, AO VEREADOR EX-PRESIDENTE DESTA CASA, CARLONE ALVES DE ASSIS E SUA GENITORA TEREZA ALVES DE ASSIS PELO FALECIMENTO DE SEU GENITOR, EUR\u00cdPEDES JOS\u00c9 DE ASSIS.", "", ""]], [[6181, "", ""], [2003, "", ""], [357, "", ""], ["MOC", "", ""], ["Mo\u00e7\u00e3o", "", ""], ["Geovaci Peres", "", ""], ["https://www.jatai.go.leg.br/materia/6181", "", ""], ["MO\u00c7\u00c3O DE PESAR \u00c0 FAM\u00cdLIA \"ALVES ASSIS\", ESPECIALMENTE, AO VEREADOR EX-PRESIDENTE DESTA CASA, CARLONE ALVES DE ASSIS E SUA GENITORA TEREZA ALVES DE ASSIS PELO FALECIMENTO DE SEU GENITOR, EUR\u00cdPEDES JOS\u00c9 DE ASSIS.", "", ""]], [[6181, "", ""], [2003, "", ""], [357, "", ""], ["MOC", "", ""], ["Mo\u00e7\u00e3o", "", ""], ["Gildenicio  Santos", "", ""], ["https://www.jatai.go.leg.br/materia/6181", "", ""], ["MO\u00c7\u00c3O DE PESAR \u00c0 FAM\u00cdLIA \"ALVES ASSIS\", ESPECIALMENTE, AO VEREADOR EX-PRESIDENTE DESTA CASA, CARLONE ALVES DE ASSIS E SUA GENITORA TEREZA ALVES DE ASSIS PELO FALECIMENTO DE SEU GENITOR, EUR\u00cdPEDES JOS\u00c9 DE ASSIS.", "", ""]], [[6181, "", ""], [2003, "", ""], [357, "", ""], ["MOC", "", ""], ["Mo\u00e7\u00e3o", "", ""], ["Adilson Morais", "", ""], ["https://www.jatai.go.leg.br/materia/6181", "", ""], ["MO\u00c7\u00c3O DE PESAR \u00c0 FAM\u00cdLIA \"ALVES ASSIS\", ESPECIALMENTE, AO VEREADOR EX-PRESIDENTE DESTA CASA, CARLONE ALVES DE ASSIS E SUA GENITORA TEREZA ALVES DE ASSIS PELO FALECIMENTO DE SEU GENITOR, EUR\u00cdPEDES JOS\u00c9 DE ASSIS.", "", ""]], [[5958, "", ""], [2003, "", ""], [129, "", ""], ["REQ", "", ""], ["Requerimento", "", ""], ["Carlone Assis", "", ""], ["https://www.jatai.go.leg.br/materia/5958", "", ""], ["SOLICITA LIBERA\u00c7\u00c3O DE RECURSOS OR\u00c7AMENT\u00c1RIOS PARA A A SA\u00daDE P\u00daBLICA DE JATA\u00cd. ", "", ""]], [[5958, "", ""], [2003, "", ""], [129, "", ""], ["REQ", "", ""], ["Requerimento", "", ""], ["Alcides Peregrino Fazolino", "", ""], ["https://www.jatai.go.leg.br/materia/5958", "", ""], ["SOLICITA LIBERA\u00c7\u00c3O DE RECURSOS OR\u00c7AMENT\u00c1RIOS PARA A A SA\u00daDE P\u00daBLICA DE JATA\u00cd. ", "", ""]], [[5958, "", ""], [2003, "", ""], [129, "", ""], ["REQ", "", ""], ["Requerimento", "", ""], ["Alc\u00e2ntara de Carvalho Neto", "", ""], ["https://www.jatai.go.leg.br/materia/5958", "", ""], ["SOLICITA LIBERA\u00c7\u00c3O DE RECURSOS OR\u00c7AMENT\u00c1RIOS PARA A A SA\u00daDE P\u00daBLICA DE JATA\u00cd. ", "", ""]], [[5958, "", ""], [2003, "", ""], [129, "", ""], ["REQ", "", ""], ["Requerimento", "", ""], ["Geovaci Peres", "", ""], ["https://www.jatai.go.leg.br/materia/5958", "", ""], ["SOLICITA LIBERA\u00c7\u00c3O DE RECURSOS OR\u00c7AMENT\u00c1RIOS PARA A A SA\u00daDE P\u00daBLICA DE JATA\u00cd. ", "", ""]], [[5958, "", ""], [2003, "", ""], [129, "", ""], ["REQ", "", ""], ["Requerimento", "", ""], ["Maria Euz\u00e9bia de Lima", "", ""], ["https://www.jatai.go.leg.br/materia/5958", "", ""], ["SOLICITA LIBERA\u00c7\u00c3O DE RECURSOS OR\u00c7AMENT\u00c1RIOS PARA A A SA\u00daDE P\u00daBLICA DE JATA\u00cd. ", "", ""]], [[5958, "", ""], [2003, "", ""], [129, "", ""], ["REQ", "", ""], ["Requerimento", "", ""], ["Adilson de Carvalho", "", ""], ["https://www.jatai.go.leg.br/materia/5958", "", ""], ["SOLICITA LIBERA\u00c7\u00c3O DE RECURSOS OR\u00c7AMENT\u00c1RIOS PARA A A SA\u00daDE P\u00daBLICA DE JATA\u00cd. ", "", ""]], [[5958, "", ""], [2003, "", ""], [129, "", ""], ["REQ", "", ""], ["Requerimento", "", ""], ["Erasmo Rosa da Silva", "", ""], ["https://www.jatai.go.leg.br/materia/5958", "", ""], ["SOLICITA LIBERA\u00c7\u00c3O DE RECURSOS OR\u00c7AMENT\u00c1RIOS PARA A A SA\u00daDE P\u00daBLICA DE JATA\u00cd. ", "", ""]], [[5958, "", ""], [2003, "", ""], [129, "", ""], ["REQ", "", ""], ["Requerimento", "", ""], ["Osmar Francisco de Souza", "", ""], ["https://www.jatai.go.leg.br/materia/5958", "", ""], ["SOLICITA LIBERA\u00c7\u00c3O DE RECURSOS OR\u00c7AMENT\u00c1RIOS PARA A A SA\u00daDE P\u00daBLICA DE JATA\u00cd. ", "", ""]], [[5958, "", ""], [2003, "", ""], [129, "", ""], ["REQ", "", ""], ["Requerimento", "", ""], ["Sebasti\u00e3o Assis Carvalho", "", ""], ["https://www.jatai.go.leg.br/materia/5958", "", ""], ["SOLICITA LIBERA\u00c7\u00c3O DE RECURSOS OR\u00c7AMENT\u00c1RIOS PARA A A SA\u00daDE P\u00daBLICA DE JATA\u00cd. ", "", ""]], [[5956, "", ""], [2003, "", ""], [128, "", ""], ["REQ", "", ""], ["Requerimento", "", ""], ["Erasmo Rosa da Silva", "", ""], ["https://www.jatai.go.leg.br/materia/5956", "", ""], ["SOLICITA LIBERA\u00c7\u00c3O DE RECURSOS OR\u00c7AMENT\u00c1RIOS PARA A SA\u00daDE P\u00daBLICA DE JATA\u00cd.", "", ""]], [[5956, "", ""], [2003, "", ""], [128, "", ""], ["REQ", "", ""], ["Requerimento", "", ""], ["Adilson de Carvalho", "", ""], ["https://www.jatai.go.leg.br/materia/5956", "", ""], ["SOLICITA LIBERA\u00c7\u00c3O DE RECURSOS OR\u00c7AMENT\u00c1RIOS PARA A SA\u00daDE P\u00daBLICA DE JATA\u00cd.", "", ""]], [[5956, "", ""], [2003, "", ""], [128, "", ""], ["REQ", "", ""], ["Requerimento", "", ""], ["Geovaci Peres", "", ""], ["https://www.jatai.go.leg.br/materia/5956", "", ""], ["SOLICITA LIBERA\u00c7\u00c3O DE RECURSOS OR\u00c7AMENT\u00c1RIOS PARA A SA\u00daDE P\u00daBLICA DE JATA\u00cd.", "", ""]], [[5956, "", ""], [2003, "", ""], [128, "", ""], ["REQ", "", ""], ["Requerimento", "", ""], ["Gildenicio  Santos", "", ""], ["https://www.jatai.go.leg.br/materia/5956", "", ""], ["SOLICITA LIBERA\u00c7\u00c3O DE RECURSOS OR\u00c7AMENT\u00c1RIOS PARA A SA\u00daDE P\u00daBLICA DE JATA\u00cd.", "", ""]], [[5956, "", ""], [2003, "", ""], [128, "", ""], ["REQ", "", ""], ["Requerimento", "", ""], ["Alc\u00e2ntara de Carvalho Neto", "", ""], ["https://www.jatai.go.leg.br/materia/5956", "", ""], ["SOLICITA LIBERA\u00c7\u00c3O DE RECURSOS OR\u00c7AMENT\u00c1RIOS PARA A SA\u00daDE P\u00daBLICA DE JATA\u00cd.", "", ""]], [[5956, "", ""], [2003, "", ""], [128, "", ""], ["REQ", "", ""], ["Requerimento", "", ""], ["Alcides Peregrino Fazolino", "", ""], ["https://www.jatai.go.leg.br/materia/5956", "", ""], ["SOLICITA LIBERA\u00c7\u00c3O DE RECURSOS OR\u00c7AMENT\u00c1RIOS PARA A SA\u00daDE P\u00daBLICA DE JATA\u00cd.", "", ""]], [[5956, "", ""], [2003, "", ""], [128, "", ""], ["REQ", "", ""], ["Requerimento", "", ""], ["Carlone Assis", "", ""], ["https://www.jatai.go.leg.br/materia/5956", "", ""], ["SOLICITA LIBERA\u00c7\u00c3O DE RECURSOS OR\u00c7AMENT\u00c1RIOS PARA A SA\u00daDE P\u00daBLICA DE JATA\u00cd.", "", ""]], [[5956, "", ""], [2003, "", ""], [128, "", ""], ["REQ", "", ""], ["Requerimento", "", ""], ["Maria Euz\u00e9bia de Lima", "", ""], ["https://www.jatai.go.leg.br/materia/5956", "", ""], ["SOLICITA LIBERA\u00c7\u00c3O DE RECURSOS OR\u00c7AMENT\u00c1RIOS PARA A SA\u00daDE P\u00daBLICA DE JATA\u00cd.", "", ""]], [[5956, "", ""], [2003, "", ""], [128, "", ""], ["REQ", "", ""], ["Requerimento", "", ""], ["Osmar Francisco de Souza", "", ""], ["https://www.jatai.go.leg.br/materia/5956", "", ""], ["SOLICITA LIBERA\u00c7\u00c3O DE RECURSOS OR\u00c7AMENT\u00c1RIOS PARA A SA\u00daDE P\u00daBLICA DE JATA\u00cd.", "", ""]], [[5956, "", ""], [2003, "", ""], [128, "", ""], ["REQ", "", ""], ["Requerimento", "", ""], ["Sebasti\u00e3o Assis Carvalho", "", ""], ["https://www.jatai.go.leg.br/materia/5956", "", ""], ["SOLICITA LIBERA\u00c7\u00c3O DE RECURSOS OR\u00c7AMENT\u00c1RIOS PARA A SA\u00daDE P\u00daBLICA DE JATA\u00cd.", "", ""]], [[5864, "", ""], [2004, "", ""], [287, "", ""], ["REQ", "", ""], ["Requerimento", "", ""], ["Osmar Francisco de Souza", "", ""], ["https://www.jatai.go.leg.br/materia/5864", "", ""], ["SINALIZA\u00c7\u00c3O NA RUA D. PEDRO II, ENTRE AS RUAS RIO VERDE E ALMEIDA, SETOR VILA SANTA MARIA.", "", ""]], [[5862, "", ""], [2004, "", ""], [277, "", ""], ["MOC", "", ""], ["Mo\u00e7\u00e3o", "", ""], ["Osmar Francisco de Souza", "", ""], ["https://www.jatai.go.leg.br/materia/5862", "", ""], ["MO\u00c7\u00c3O DE PESAR \u00c0 FAM\u00cdLIA ENLUTADA DO SR. DIVINO JOS\u00c9 BRASIL.", "", ""]], [[5861, "", ""], [2004, "", ""], [269, "", ""], ["REQ", "", ""], ["Requerimento", "", ""], ["Osmar Francisco de Souza", "", ""], ["https://www.jatai.go.leg.br/materia/5861", "", ""], ["IMPLANTA\u00c7\u00c3O DE UM ORELH\u00c3O NA ESCOLA MUNICIPAL INFANTIL PEDACINHO DO C\u00c9U II, SITO \u00c0 AVENIDA CENTRAL N.\u00ba 134, VILA F\u00c1TIMA.", "", ""]], [[5860, "", ""], [2004, "", ""], [265, "", ""], ["REQ", "", ""], ["Requerimento", "", ""], ["Osmar Francisco de Souza", "", ""], ["https://www.jatai.go.leg.br/materia/5860", "", ""], ["IMPLANTA\u00c7\u00c3O DE UM ORELH\u00c3O NA RUA PROFESSOR PAULO VIEIRA N.\u00ba 21, ESTRELA DALVA.", "", ""]], [[5859, "", ""], [2004, "", ""], [150, "", ""], ["REQ", "", ""], ["Requerimento", "", ""], ["Osmar Francisco de Souza", "", ""], ["https://www.jatai.go.leg.br/materia/5859", "", ""], ["RECUPERA\u00c7\u00c3O DA PONTE DO RIBEIR\u00c3O DA FELICIDADE, REGI\u00c3O DO PONTO CHIQUE, QUE ACESSO A V\u00c1RIAS FAZENDAS.", "", ""]], [[5858, "", ""], [2004, "", ""], [104, "", ""], ["REQ", "", ""], ["Requerimento", "", ""], ["Osmar Francisco de Souza", "", ""], ["https://www.jatai.go.leg.br/materia/5858", "", ""], ["VIABILIZAR LIMPEZAS GERAIS NOS TERRENOS SITUADOS NAS PROXIMIDADES DO LAGO DIACU\u00cd.", "", ""]], [[5857, "", ""], [2004, "", ""], [900, "", ""], ["REQ", "", ""], ["Requerimento", "", ""], ["Osmar Francisco de Souza", "", ""], ["https://www.jatai.go.leg.br/materia/5857", "", ""], ["SOLICITA A RETIRADA DO CANTEIRO QUE DIVIDE A RUA JER\u00d4NIMO VILELA, ANTIGA RUA 106 EM DUAS PISTAS, NO TRECHO ACIMA DO VIADUTO AT\u00c9 A RUA PIT\u00c3O.", "", ""]], [[5856, "", ""], [2004, "", ""], [82, "", ""], ["REQ", "", ""], ["Requerimento", "", ""], ["Osmar Francisco de Souza", "", ""], ["https://www.jatai.go.leg.br/materia/5856", "", ""], ["SOLICITA SINALIZA\u00c7\u00c3O ADEQUADA NA PASSARELA PARA PEDESTRES NA RUA SANTOS DUMONT - SETOR OESTE, EM FRENTE \u00c0 ESCOLA MUNICIPAL ANT\u00d4NIO TOSTA DE CARVALHO.", "", ""]], [[5855, "", ""], [2004, "", ""], [40, "", ""], ["REQ", "", ""], ["Requerimento", "", ""], ["Osmar Francisco de Souza", "", ""], ["https://www.jatai.go.leg.br/materia/5855", "", ""], ["LIMPEZA NA \u00c1REA PERTENCENTE \u00c0 PREFEITURA, EXISTENTE ENTRE O SETOR ESTRELA DALVA E FRANCISCO ANT\u00d4NIO, ENTRE AS RUAS VIELA CATIMIRO COSTA E RUA MANUEL CAPADO.", "", ""]], [[5854, "", ""], [2004, "", ""], [8, "", ""], ["REQ", "", ""], ["Requerimento", "", ""], ["Osmar Francisco de Souza", "", ""], ["https://www.jatai.go.leg.br/materia/5854", "", ""], ["CONCLUIR A ABERTURA DA RUA FORMOSA, ENTRE A ENGENHEIRO BANFIM E A RUA RIO VERDE.", "", ""]], [[5853, "", ""], [2004, "", ""], [7, "", ""], ["REQ", "", ""], ["Requerimento", "", ""], ["Osmar Francisco de Souza", "", ""], ["https://www.jatai.go.leg.br/materia/5853", "", ""], ["SOLICITA A IMPLANTA\u00c7\u00c3O DE UM ORELH\u00c3O NA RUA RIBAS MARQUES, N.\u00ba 862, Q 9, L 5, COLMEIA PARK.  ", "", ""]], [[5852, "", ""], [2004, "", ""], [6, "", ""], ["REQ", "", ""], ["Requerimento", "", ""], ["Osmar Francisco de Souza", "", ""], ["https://www.jatai.go.leg.br/materia/5852", "", ""], ["SOLICITA A IMPLANTA\u00c7\u00c3O DE UM ORELH\u00c3O NA RUA JOS\u00c9 PEREIRA REZENDE, N.\u00b0 2.038, VILA PROGRESSO.", "", ""]], [[5715, "", ""], [2004, "", ""], [301, "", ""], ["REQ", "", ""], ["Requerimento", "", ""], ["Geovaci Peres", "", ""], ["https://www.jatai.go.leg.br/materia/5715", "", ""], ["INSTALA\u00c7\u00c3O DE C.P.I. - COMISS\u00c3O PARLAMENTAR DE INQU\u00c9RITO, PARA APURAR FRAUDE NO DEPARTAMENTO DE COBRAN\u00c7A DA PREFEITURA MUNICIPAL DE JATA\u00cd.", "", ""]], [[5715, "", ""], [2004, "", ""], [301, "", ""], ["REQ", "", ""], ["Requerimento", "", ""], ["Gildenicio  Santos", "", ""], ["https://www.jatai.go.leg.br/materia/5715", "", ""], ["INSTALA\u00c7\u00c3O DE C.P.I. - COMISS\u00c3O PARLAMENTAR DE INQU\u00c9RITO, PARA APURAR FRAUDE NO DEPARTAMENTO DE COBRAN\u00c7A DA PREFEITURA MUNICIPAL DE JATA\u00cd.", "", ""]], [[5715, "", ""], [2004, "", ""], [301, "", ""], ["REQ", "", ""], ["Requerimento", "", ""], ["Alc\u00e2ntara de Carvalho Neto", "", ""], ["https://www.jatai.go.leg.br/materia/5715", "", ""], ["INSTALA\u00c7\u00c3O DE C.P.I. - COMISS\u00c3O PARLAMENTAR DE INQU\u00c9RITO, PARA APURAR FRAUDE NO DEPARTAMENTO DE COBRAN\u00c7A DA PREFEITURA MUNICIPAL DE JATA\u00cd.", "", ""]], [[5715, "", ""], [2004, "", ""], [301, "", ""], ["REQ", "", ""], ["Requerimento", "", ""], ["Adilson Morais", "", ""], ["https://www.jatai.go.leg.br/materia/5715", "", ""], ["INSTALA\u00c7\u00c3O DE C.P.I. - COMISS\u00c3O PARLAMENTAR DE INQU\u00c9RITO, PARA APURAR FRAUDE NO DEPARTAMENTO DE COBRAN\u00c7A DA PREFEITURA MUNICIPAL DE JATA\u00cd.", "", ""]], [[5715, "", ""], [2004, "", ""], [301, "", ""], ["REQ", "", ""], ["Requerimento", "", ""], ["Alcides Peregrino Fazolino", "", ""], ["https://www.jatai.go.leg.br/materia/5715", "", ""], ["INSTALA\u00c7\u00c3O DE C.P.I. - COMISS\u00c3O PARLAMENTAR DE INQU\u00c9RITO, PARA APURAR FRAUDE NO DEPARTAMENTO DE COBRAN\u00c7A DA PREFEITURA MUNICIPAL DE JATA\u00cd.", "", ""]], [[5715, "", ""], [2004, "", ""], [301, "", ""], ["REQ", "", ""], ["Requerimento", "", ""], ["Carlone Assis", "", ""], ["https://www.jatai.go.leg.br/materia/5715", "", ""], ["INSTALA\u00c7\u00c3O DE C.P.I. - COMISS\u00c3O PARLAMENTAR DE INQU\u00c9RITO, PARA APURAR FRAUDE NO DEPARTAMENTO DE COBRAN\u00c7A DA PREFEITURA MUNICIPAL DE JATA\u00cd.", "", ""]], [[5715, "", ""], [2004, "", ""], [301, "", ""], ["REQ", "", ""], ["Requerimento", "", ""], ["Cid\u00e1lia Vilela", "", ""], ["https://www.jatai.go.leg.br/materia/5715", "", ""], ["INSTALA\u00c7\u00c3O DE C.P.I. - COMISS\u00c3O PARLAMENTAR DE INQU\u00c9RITO, PARA APURAR FRAUDE NO DEPARTAMENTO DE COBRAN\u00c7A DA PREFEITURA MUNICIPAL DE JATA\u00cd.", "", ""]], [[5715, "", ""], [2004, "", ""], [301, "", ""], ["REQ", "", ""], ["Requerimento", "", ""], ["Erasmo Rosa da Silva", "", ""], ["https://www.jatai.go.leg.br/materia/5715", "", ""], ["INSTALA\u00c7\u00c3O DE C.P.I. - COMISS\u00c3O PARLAMENTAR DE INQU\u00c9RITO, PARA APURAR FRAUDE NO DEPARTAMENTO DE COBRAN\u00c7A DA PREFEITURA MUNICIPAL DE JATA\u00cd.", "", ""]], [[5715, "", ""], [2004, "", ""], [301, "", ""], ["REQ", "", ""], ["Requerimento", "", ""], ["Eulando Faria Borges", "", ""], ["https://www.jatai.go.leg.br/materia/5715", "", ""], ["INSTALA\u00c7\u00c3O DE C.P.I. - COMISS\u00c3O PARLAMENTAR DE INQU\u00c9RITO, PARA APURAR FRAUDE NO DEPARTAMENTO DE COBRAN\u00c7A DA PREFEITURA MUNICIPAL DE JATA\u00cd.", "", ""]], [[5715, "", ""], [2004, "", ""], [301, "", ""], ["REQ", "", ""], ["Requerimento", "", ""], ["Jo\u00e3o Wesley Cabral de Moura", "", ""], ["https://www.jatai.go.leg.br/materia/5715", "", ""], ["INSTALA\u00c7\u00c3O DE C.P.I. - COMISS\u00c3O PARLAMENTAR DE INQU\u00c9RITO, PARA APURAR FRAUDE NO DEPARTAMENTO DE COBRAN\u00c7A DA PREFEITURA MUNICIPAL DE JATA\u00cd.", "", ""]], [[5715, "", ""], [2004, "", ""], [301, "", ""], ["REQ", "", ""], ["Requerimento", "", ""], ["Maria Euz\u00e9bia de Lima", "", ""], ["https://www.jatai.go.leg.br/materia/5715", "", ""], ["INSTALA\u00c7\u00c3O DE C.P.I. - COMISS\u00c3O PARLAMENTAR DE INQU\u00c9RITO, PARA APURAR FRAUDE NO DEPARTAMENTO DE COBRAN\u00c7A DA PREFEITURA MUNICIPAL DE JATA\u00cd.", "", ""]], [[5715, "", ""], [2004, "", ""], [301, "", ""], ["REQ", "", ""], ["Requerimento", "", ""], ["Osmar Francisco de Souza", "", ""], ["https://www.jatai.go.leg.br/materia/5715", "", ""], ["INSTALA\u00c7\u00c3O DE C.P.I. - COMISS\u00c3O PARLAMENTAR DE INQU\u00c9RITO, PARA APURAR FRAUDE NO DEPARTAMENTO DE COBRAN\u00c7A DA PREFEITURA MUNICIPAL DE JATA\u00cd.", "", ""]], [[5715, "", ""], [2004, "", ""], [301, "", ""], ["REQ", "", ""], ["Requerimento", "", ""], ["Sebasti\u00e3o Assis Carvalho", "", ""], ["https://www.jatai.go.leg.br/materia/5715", "", ""], ["INSTALA\u00c7\u00c3O DE C.P.I. - COMISS\u00c3O PARLAMENTAR DE INQU\u00c9RITO, PARA APURAR FRAUDE NO DEPARTAMENTO DE COBRAN\u00c7A DA PREFEITURA MUNICIPAL DE JATA\u00cd.", "", ""]], [[5715, "", ""], [2004, "", ""], [301, "", ""], ["REQ", "", ""], ["Requerimento", "", ""], ["Ediglan \u00a0Maia", "", ""], ["https://www.jatai.go.leg.br/materia/5715", "", ""], ["INSTALA\u00c7\u00c3O DE C.P.I. - COMISS\u00c3O PARLAMENTAR DE INQU\u00c9RITO, PARA APURAR FRAUDE NO DEPARTAMENTO DE COBRAN\u00c7A DA PREFEITURA MUNICIPAL DE JATA\u00cd.", "", ""]], [[5715, "", ""], [2004, "", ""], [301, "", ""], ["REQ", "", ""], ["Requerimento", "", ""], ["Adilson de Carvalho", "", ""], ["https://www.jatai.go.leg.br/materia/5715", "", ""], ["INSTALA\u00c7\u00c3O DE C.P.I. - COMISS\u00c3O PARLAMENTAR DE INQU\u00c9RITO, PARA APURAR FRAUDE NO DEPARTAMENTO DE COBRAN\u00c7A DA PREFEITURA MUNICIPAL DE JATA\u00cd.", "", ""]]]}